{"id":1067,"date":"2020-12-14T03:16:33","date_gmt":"2020-12-14T02:16:33","guid":{"rendered":"http:\/\/adomode.net\/informations\/?p=1067"},"modified":"2020-12-14T03:21:10","modified_gmt":"2020-12-14T02:21:10","slug":"interview-de-eloise-forsoni-miss-internet-junior-pas-de-calais-2013-et-1ere-dauphine-de-miss-internet-junior-france-2014","status":"publish","type":"post","link":"http:\/\/adomode.net\/informations\/interview-de-eloise-forsoni-miss-internet-junior-pas-de-calais-2013-et-1ere-dauphine-de-miss-internet-junior-france-2014\/","title":{"rendered":"Interview de \u00c9lo\u00efse Forsoni, Miss Internet Junior Pas-de-Calais 2013, et 1\u00e8re Dauphine de Miss Internet Junior France 2014."},"content":{"rendered":"\n<font color=\"#F79CD2\"><strong>Interview r\u00e9alis\u00e9e en 2015.<\/strong><\/font>\n&nbsp;<br>\n&nbsp;<br>\n&nbsp;<br>\n\n\n\n<p><img src=\"http:\/\/www.modinfo.fr\/sujet\/wp-content\/uploads\/2015\/12\/eloise-forsoni-interview-et-photos-01.jpg\" alt=\"\"  class=\"aligncenter size-full\" \/><br \/>\n&nbsp;<br \/><\/p>\n<p><strong><span style=\"font-size:10pt;\">L&#8217;interview a \u00e9t\u00e9 r\u00e9alis\u00e9e par <a href=\"http:\/\/www.kristof-photographe.com\/\" target=\"_blank\" rel=\"noopener noreferrer\">Kristof&rsquo;<\/a>pour AdoMode.<br \/>\n&nbsp;<br \/>\nLes photos d\u2019\u00c9lo\u00efse ont \u00e9t\u00e9 r\u00e9alis\u00e9es par Sylvain, photographe sur Valenciennes.<br \/>\nSon lien internet : <a href=\"https:\/\/www.instagram.com\/sylvain_photography\/\" target=\"_blank\" rel=\"noopener noreferrer\">Instagram.com\/Sylvain_Photography<\/a><br \/>\nLa vid\u00e9o a \u00e9galement \u00e9t\u00e9 r\u00e9alis\u00e9e par Sylvain.<br \/>\n&nbsp;<br \/>\n&nbsp;<br \/>\n<iframe width=\"560\" height=\"315\" src=\"https:\/\/www.youtube.com\/embed\/bggO8C_i0Bg\" frameborder=\"0\" allowfullscreen><\/iframe><br \/>\n&nbsp;<br \/>\n&nbsp;<br \/>\n<em>Sujet : Qui es-tu !?<\/em><br \/>\n&nbsp;<br \/>\nSa r\u00e9ponse :<br \/>\n&nbsp;<br \/>\n&laquo;&nbsp;Je m&rsquo;appelle Elo\u00efse Forsoni, j&rsquo;ai 18 ans (12\/07\/97) et je mesure 1m65.<br \/>\nJe vis \u00e0 Maubeuge, dans le Nord de la France (59).&nbsp;&raquo;<br \/>\n&nbsp;<br \/>\n&nbsp;<br \/>\n<em>Sujet : Raconte-nous comment tout a commenc\u00e9 pour toi. Comment t\u2019es venue l\u2019id\u00e9e de te lancer dans ce milieu !?<\/em><br \/>\n&nbsp;<br \/>\nSa r\u00e9ponse :<br \/>\n&nbsp;<br \/>\n&laquo;&nbsp;\u00c9tant petite, la sc\u00e8ne m&rsquo;attirait d\u00e9j\u00e0. J&rsquo;ai pris des cours de chant, de danse et de th\u00e9\u00e2tre sans pour autant n\u00e9gliger mes \u00e9tudes. J&rsquo;avais peu de temps \u00e0 accorder \u00e0 autre chose car cela me prenait tout mon temps.<br \/>\n&nbsp;<br \/>\nA mes 16ans, sans vraiment chercher \u00e0 mettre l&rsquo;une de mes passions en avant plus que l&rsquo;autre, j&rsquo;ai vu par hasard l&rsquo;affiche d&rsquo;un casting pour l&rsquo;\u00e9lection Top Model Boys &#038; Girls.<br \/>\nComme j&rsquo;avais d\u00e9j\u00e0 fais de la sc\u00e8ne, je me suis dis que cela pourrait \u00eatre une nouvelle exp\u00e9rience pour moi et sympa d&rsquo;y participer.<br \/>\nJe me suis pr\u00e9sent\u00e9e au casting et j&rsquo;ai \u00e9t\u00e9 s\u00e9lectionn\u00e9e pour le concours.<br \/>\n&nbsp;<br \/>\nLe 28 Avril 2013, j&rsquo;ai donc particip\u00e9 \u00e0 l\u2019\u00e9lection qui se d\u00e9roulait \u00e0 Hautmont (59), non pas dans l&rsquo;espoir de la remporter mais juste pour voir ce que je valais.<br \/>\nA ma grande surprise, j&rsquo;ai \u00e9t\u00e9 \u00e9lue 1\u00e8re Dauphine de Top Model Girls.&nbsp;&raquo;<br \/>\n&nbsp;<br \/>\n&nbsp;<br \/>\n<em>Sujet : Raconte-nous ton parcours. Qu\u2019as-tu fais jusqu\u2019\u00e0 pr\u00e9sent !?<\/em><br \/>\n&nbsp;<br \/>\nSa r\u00e9ponse :<br \/>\n&nbsp;<br \/>\n&laquo;&nbsp;Au cours de l&rsquo;\u00e9lection dont j&rsquo;ai particip\u00e9 : j&rsquo;ai \u00e9t\u00e9 rep\u00e9r\u00e9e par un photographe qui m&rsquo;a dis que j&rsquo;avais un profil de mod\u00e8le et il m&rsquo;a propos\u00e9 un shooting photo professionnel.<br \/>\n&nbsp;<br \/>\nJ&rsquo;ai alors encha\u00een\u00e9 les shooting. Avec le temps et l&rsquo;exp\u00e9rience, je suis devenue mod\u00e8le photo et j&rsquo;ai pos\u00e9 pour des marques ou des magasins.<br \/>\n&nbsp;<br \/>\nEn parall\u00e8le, j&rsquo;ai continu\u00e9 les \u00e9lections de Miss et je voulais voir jusqu&rsquo;o\u00f9 je pouvais aller.<br \/>\n&nbsp;<br \/>\nJ&rsquo;ai ainsi envoy\u00e9 un dossier de candidature \u00e0 un comit\u00e9 national (Miss Internet France) qui a \u00e9t\u00e9 accept\u00e9. J&rsquo;ai \u00e9t\u00e9 s\u00e9lectionn\u00e9e au casting et j&rsquo;ai \u00e9t\u00e9 \u00e9lue Miss Internet Junior \u00e0 Lille afin de repr\u00e9senter le Pas-de-Calais. J&rsquo;ai ensuite pass\u00e9 1 semaine \u00e0 Lyon pour la finale nationale de Miss Internet Junior France. J&rsquo;en suis ressortie 1\u00e8re Dauphine de France dans ma cat\u00e9gorie (-18ans).<br \/>\n&nbsp;<br \/>\nDepuis, j&rsquo;ai fais beaucoup de d\u00e9fil\u00e9s pour des marques, des magasins ou encore pour des cr\u00e9ateurs.<br \/>\n&nbsp;<br \/>\nJ&rsquo;ai obtenu environ 15 titres en r\u00e9gion Nord-Pas-de-Calais.<br \/>\n&nbsp;<br \/>\nJe me sers \u00e9galement le plus possible de mes titres, pour des causes qui me tiennent \u00e0 coeur et auxquelles je participe toujours avec un immense plaisir ; comme par exemples le t\u00e9l\u00e9thon, \u00ab Vaincre la Mucoviscidose \u00bb, le noel des enfants d\u00e9favoris\u00e9s, La lumi\u00e8re de Jade&#8230; et je r\u00e9pondrai pr\u00e9sente \u00e0 de nombreuses autres encore.<br \/>\n&nbsp;<br \/>\nIl y a un peu plus d&rsquo;un an, j&rsquo;ai cr\u00e9\u00e9 une page Facebook pour que les gens puissent suivre mon parcours. Aujourd&rsquo;hui, plus de 1400 personnes me suivent.<br \/>\n&nbsp;<br \/>\nPlus r\u00e9cemment (fin Aout 2015), je suis partie aux \u00c9tats-Unis, \u00e0 New York, afin de rencontrer des professionnels et d&rsquo;\u00e9tablir des projets pour le futur.<br \/>\n&nbsp;<br \/>\nJe continue toujours autant les shooting et les d\u00e9fil\u00e9s car j&rsquo;aime vraiment \u00e7a. Je re\u00e7ois beaucoup de soutiens de la part de ma famille, de mes amis et de mes abonn\u00e9s Facebook.<br \/>\n&nbsp;<br \/>\nJe ne suis pas pr\u00eate de m&rsquo;arr\u00eater et je compte aller le plus loin possible.&nbsp;&raquo;<br \/>\n&nbsp;<br \/>\n&nbsp;<br \/>\n&nbsp;<br \/>\n<img src=\"http:\/\/www.modinfo.fr\/sujet\/wp-content\/uploads\/2015\/12\/eloise-forsoni-interview-et-photos-02.jpg\" alt=\"\"  class=\"aligncenter size-full\" \/><br \/>\n&nbsp;<br \/>\n&nbsp;<br \/>\n<em>Question : Quel est l\u2019\u00e9v\u00e9nement pr\u00e9f\u00e9r\u00e9 auquel tu as particip\u00e9 ?<\/em><br \/>\n&nbsp;<br \/>\nSa r\u00e9ponse :<br \/>\n&nbsp;<br \/>\n&laquo;&nbsp;Je n&rsquo;ai pas vraiment un \u00e9v\u00e9nement pr\u00e9f\u00e9r\u00e9 mais je dois admettre que j&rsquo;affectionne particuli\u00e8rement les \u00e9v\u00e8nements aux profils d&rsquo;associations car je pense qu&rsquo;il n&rsquo;y a rien de mieux que de mettre ses titres en avant pour apporter du r\u00eaves et du soutien \u00e0 ceux qui en ont besoin.&nbsp;&raquo;<br \/>\n&nbsp;<br \/>\n&nbsp;<br \/>\n<em>Question : Penses-tu que ce parcours t&rsquo;apportera du plus dans le domaine professionnel et personnel ?<\/em><br \/>\n&nbsp;<br \/>\nSa r\u00e9ponse :<br \/>\n&nbsp;<br \/>\n&laquo;&nbsp;Oui je pense avoir pas mal chang\u00e9 car j&rsquo;\u00e9tais assez timide avec tr\u00e8s peu de confiance en moi.<br \/>\n&nbsp;<br \/>\nAvec les \u00e9lections, les d\u00e9fil\u00e9 et les shootings : Je me suis pas mal affirm\u00e9e dans mon caract\u00e8re et ma fa\u00e7on d&rsquo;\u00eatre, tout \u00e7a en positif \u00e9videment car une Miss doit \u00eatre aussi jolie \u00e0 l&rsquo;ext\u00e9rieur qu&rsquo;\u00e0 l&rsquo;int\u00e9rieur.&nbsp;&raquo;<br \/>\n&nbsp;<br \/>\n&nbsp;<br \/>\n<em>Sujet : Parle-nous de tes projets et de tes ambitions.<\/em><br \/>\n&nbsp;<br \/>\nSa r\u00e9ponse :<br \/>\n&nbsp;<br \/>\n&laquo;&nbsp;J&rsquo;ai \u00e9norm\u00e9ment de projets pour le futur ; ce qui est s\u00fbr c&rsquo;est que quelque soit ce qui m&rsquo;arrive Demain : la lumi\u00e8re, les strass et les paillettes feront toujours partie de moi.<br \/>\n&nbsp;<br \/>\nJe compte continuer encore tr\u00e8s longtemps et d&rsquo;avancer toujours plus loin dans mes passions.<br \/>\n&nbsp;<br \/>\nJe fais actuellement des \u00e9tudes li\u00e9es \u00e0 l&rsquo;\u00e9v\u00e9nementiel et bien s\u00fbr je compte m&rsquo;en servir une fois mon dipl\u00f4me obtenu ; pourquoi pas un jour passer de l&rsquo;autre cot\u00e9 de la sc\u00e8ne. \ud83d\ude09&nbsp;&raquo;<br \/>\n&nbsp;<br \/>\n&nbsp;<br \/>\n<em>Question : Quels conseils donnerais-tu \u00e0 une ado qui souhaite faire comme toi !?<\/em><br \/>\n&nbsp;<br \/>\nSa r\u00e9ponse :<br \/>\n&nbsp;<br \/>\n&laquo;&nbsp;Avoir confiance en soi, \u00eatre bien entour\u00e9e et surtout faire bien attention a qui donner sa confiance car c&rsquo;est un milieu tr\u00e8s cruel que ce soit avec des photographes, agences, comit\u00e9s, etc&#8230; Mais aussi et je dirai m\u00eame surtout avec les autres filles.<br \/>\nPar dessus tout, il faut rester toujours vous-m\u00eame.&nbsp;&raquo;<br \/>\n&nbsp;<br \/>\n&nbsp;<br \/>\n<em>Question : Quelle est la Miss pr\u00e9f\u00e9r\u00e9e et pourquoi ?<\/em><br \/>\n&nbsp;<br \/>\nSa r\u00e9ponse :<br \/>\n&nbsp;<br \/>\n&laquo;&nbsp;Marine Lorphelin. Elle est la Miss France qui m&rsquo;a le plus touch\u00e9e et je j&rsquo;admire beaucoup.<br \/>\n&nbsp;<br \/>\nEn plus d&rsquo;\u00eatre magnifique, extr\u00eamement gentille : elle a de l&rsquo;ambition, un tr\u00e8s beau palmar\u00e8s, une simplicit\u00e9 admirable, elle a brillamment r\u00e9ussie ses \u00e9tudes et elle est rest\u00e9e elle-m\u00eame avec ses propres valeurs.&nbsp;&raquo;<br \/>\n&nbsp;<br \/>\n&nbsp;<br \/>\n&nbsp;<br \/>\nMerci \u00e0 \u00c9lo\u00efse et Sylvain, pour la possible r\u00e9alisation de cet article.<br \/>\n&nbsp;<br \/>\nPage Facebook de \u00c9lo\u00efse Forsoni : <a href=\"https:\/\/www.facebook.com\/Eloise-Forsoni-1480265985527024\/\" target=\"_blank\" rel=\"noopener noreferrer\">ICI<\/a> .<\/span><\/em><\/strong><\/p>\n<p>&nbsp;<\/p>\n ","protected":false},"excerpt":{"rendered":"<p>Interview r\u00e9alis\u00e9e en 2015. &nbsp; &nbsp; &nbsp; &nbsp; L&#8217;interview a \u00e9t\u00e9 r\u00e9alis\u00e9e par Kristof&rsquo;pour AdoMode. &nbsp; Les photos d\u2019\u00c9lo\u00efse ont \u00e9t\u00e9 r\u00e9alis\u00e9es par Sylvain, photographe sur Valenciennes. Son lien internet : Instagram.com\/Sylvain_Photography La vid\u00e9o a \u00e9galement \u00e9t\u00e9 r\u00e9alis\u00e9e par Sylvain. &nbsp; &nbsp; &nbsp; &nbsp; Sujet : Qui es-tu !? &nbsp; Sa r\u00e9ponse : &nbsp; &laquo;&nbsp;Je &hellip; <\/p>\n","protected":false},"author":1,"featured_media":0,"comment_status":"open","ping_status":"open","sticky":false,"template":"","format":"standard","meta":[],"categories":[5],"tags":[],"_links":{"self":[{"href":"http:\/\/adomode.net\/informations\/wp-json\/wp\/v2\/posts\/1067"}],"collection":[{"href":"http:\/\/adomode.net\/informations\/wp-json\/wp\/v2\/posts"}],"about":[{"href":"http:\/\/adomode.net\/informations\/wp-json\/wp\/v2\/types\/post"}],"author":[{"embeddable":true,"href":"http:\/\/adomode.net\/informations\/wp-json\/wp\/v2\/users\/1"}],"replies":[{"embeddable":true,"href":"http:\/\/adomode.net\/informations\/wp-json\/wp\/v2\/comments?post=1067"}],"version-history":[{"count":4,"href":"http:\/\/adomode.net\/informations\/wp-json\/wp\/v2\/posts\/1067\/revisions"}],"predecessor-version":[{"id":1072,"href":"http:\/\/adomode.net\/informations\/wp-json\/wp\/v2\/posts\/1067\/revisions\/1072"}],"wp:attachment":[{"href":"http:\/\/adomode.net\/informations\/wp-json\/wp\/v2\/media?parent=1067"}],"wp:term":[{"taxonomy":"category","embeddable":true,"href":"http:\/\/adomode.net\/informations\/wp-json\/wp\/v2\/categories?post=1067"},{"taxonomy":"post_tag","embeddable":true,"href":"http:\/\/adomode.net\/informations\/wp-json\/wp\/v2\/tags?post=1067"}],"curies":[{"name":"wp","href":"https:\/\/api.w.org\/{rel}","templated":true}]}}