{"id":318,"date":"2012-09-27T03:21:05","date_gmt":"2012-09-27T01:21:05","guid":{"rendered":"http:\/\/adomode.net\/informations\/?p=318"},"modified":"2020-12-03T16:18:44","modified_gmt":"2020-12-03T15:18:44","slug":"interview-de-melody-oudoux","status":"publish","type":"post","link":"http:\/\/adomode.net\/informations\/interview-de-melody-oudoux\/","title":{"rendered":"Interview de M\u00e9lody Oudoux."},"content":{"rendered":"\n<p><strong><em><font color=\"#F79CD2\">Interview r\u00e9alis\u00e9e en 2012.<\/font><br>\n<br>\n<br>\nM\u00e9lody a particip\u00e9 \u00e0 son 1er concours \u00e0 16 ans et demi.\nA 23 ans, elle a gagn\u00e9 2 concours important sur son secteur, \u00e0 savoir Miss Anjou et Miss Maine-et-Loire.<br>\nA 23 ans, elle a gagn\u00e9 2 concours important sur son secteur, \u00e0 savoir Miss Anjou et Miss Maine-et-Loire.<br>\n&nbsp;<br>\nM\u00e9lody est n\u00e9e le 29 Septembre 1988 et r\u00e9side dans la Maine-et-Loire (49).<br>\nElle mesure 1m74.<\/em><\/strong><br>\n&nbsp;<br>\n&nbsp;<br>\n<img loading=\"lazy\" src=\"http:\/\/www.adomode.net\/wp-content\/uploads\/2012\/09\/melodyo001.jpg\" alt=\"\" title=\"melodyo001\" class=\"aligncenter size-full wp-image-401\" width=\"337\" height=\"256\"><br>\n&nbsp;<br>\n&nbsp;<br>\n<strong>Raconte-nous comment tout a commenc\u00e9 pour toi :<\/strong><br>\n&nbsp;<br>\n<font color=\"#F79CD2\"><span style=\"font-size:11pt;\"><b><em>Tout a commenc\u00e9 par une simple petite \u00e9lection des reines, organis\u00e9e par le comit\u00e9 des f\u00eates de ma commune rurale. Il s\u2019agit de l\u2019\u00e9lection de la Reine de Nueil-sur-Layon (Maine-et-Loire). Tous les ans, les jeunes filles ayant 17 ans dans l\u2019ann\u00e9e, sont invit\u00e9es \u00e0 se pr\u00e9senter si elles le souhaitent. En 2005, je me suis donc lanc\u00e9e ce petit d\u00e9fi, moi qui \u00e9tait tr\u00e8s r\u00e9serv\u00e9e et qui n\u2019avait pas trop confiance en moi. J\u2019ai donc \u00e9t\u00e9 \u00e9lue 2\u00e8me Dauphine, ce qui \u00e9tait un bon d\u00e9but. Puis le temps est pass\u00e9, je ne me trouvais pas forc\u00e9ment \u00e0 la hauteur pour faire de vraies \u00e9lections de Miss ; je ne connaissais pas vraiment la fa\u00e7on d\u2019y entrer et ni bien les crit\u00e8res exacts de s\u00e9lections.<\/em><\/b><\/span><\/font><br>\n&nbsp;<br>\n&nbsp;<br>\n<strong>Parle-nous de ton parcours :<\/strong><br>\n&nbsp;<br>\n<font color=\"#F79CD2\"><span style=\"font-size:11pt;\"><b><em>Tout a chang\u00e9 en 2010, c\u2019est au travail en lisant le journal que j\u2019ai vu un article \u00e0 propos de la recherche de jeunes filles pour l\u2019\u00e9lection de Miss Anjou. Lisant les crit\u00e8res de s\u00e9lection, j\u2019ai vu que je pouvais \u00e9ventuellement la tenter. J\u2019ai pris mon courage \u00e0 deux mains et je me suis lanc\u00e9e. Pas de r\u00e9sultat pour cette premi\u00e8re \u00e9lection car je n\u2019avais aucune exp\u00e9rience, mais il faut bien un d\u00e9but \u00e0 tout. L\u2019organisateur m\u2019a soutenu en me disant de continuer et que j\u2019avais un potentiel. Ma 2\u00e8me \u00e9lection a \u00e9t\u00e9 un succ\u00e8s o\u00f9 j\u2019ai \u00e9t\u00e9 \u00e9lue Miss Avrill\u00e9 Haut-Anjou 2010. Tr\u00e8s \u00e9tonn\u00e9e et tr\u00e8s heureuse, j\u2019ai donc \u00e9t\u00e9 qualifi\u00e9e \u00e0 l\u2019\u00e9lection de Miss Pays de Loire, la finale r\u00e9gionale donnant acc\u00e8s \u00e0 la gagnante de participer \u00e0 l\u2019\u00e9lection Miss Nationale 2011, le nouveau concours de Mme De Fontenay. Je n\u2019ai obtenue aucune \u00e9charpe \u00e0 cette \u00e9lection.<br>\n&nbsp;<br>\nEn 2011, j\u2019ai continu\u00e9, j\u2019ai particip\u00e9 \u00e0 plusieurs \u00e9lections sans trop de succ\u00e8s. Je me posais des questions mais finalement j\u2019ai \u00e9t\u00e9 \u00e9lue 1\u00e8re Dauphine du Lion d\u2019Angers 2011, qualifi\u00e9e pour Miss Pays de Loire, \u00e9lection affili\u00e9e au comit\u00e9 Miss Prestige National. Je n\u2019ai encore malheureusement rien gagn\u00e9 \u00e0 cette \u00e9lection r\u00e9gionale.<br>\n[Info : Le concours Miss Nationale \u2013 Genevi\u00e8ve De Fontenay \u2013 est devenu Miss Prestige National, en fin d\u2019ann\u00e9e 2011.]<br>\n&nbsp;<br>\nEnsuite, en 2012, lors de la premi\u00e8re \u00e9lection de l\u2019ann\u00e9e dans ma r\u00e9gion, et au bout de la 3\u00e8me tentative, j\u2019ai enfin \u00e9t\u00e9 \u00e9lue Miss Anjou. Une victoire qui m\u2019a fait \u00e9norm\u00e9ment plaisir et qui m\u2019a permis de participer \u00e0 mes premiers shooting photos.<br>\nJ\u2019ai \u00e9galement particip\u00e9 pour la 3\u00e8me fois, \u00e0 la finale r\u00e9gionale, et je n\u2019ai toujours rien gagn\u00e9, mais que du bonheur de participer \u00e0 des concours d\u2019un niveau sup\u00e9rieur.<br>\n&nbsp;<br>\nEnfin, \u00e0 peine 6 jours apr\u00e8s l\u2019\u00e9lection de Miss Pays de Loire 2012, j\u2019ai particip\u00e9 direct \u00e0 la premi\u00e8re \u00e9lection suivante, o\u00f9 j\u2019ai gagn\u00e9 l\u2019\u00e9charpe de Miss Maine-et-Loire 2012, qualificative pour Miss Pays de Loire 2013. Pour cette ann\u00e9e 2012, je repr\u00e9sente ainsi mon d\u00e9partement lors d\u2019\u00e9v\u00e8nements.<br>\n&nbsp;<br>\nL\u2019\u00e9lection Miss Pays de Loire est une exp\u00e9rience enrichissante. Il y a le m\u00eame d\u00e9roulement que les \u00e9lections d\u2019un niveau inf\u00e9rieur (d\u00e9fil\u00e9 en robe, d\u00e9fil\u00e9 en maillot de bain, pr\u00e9sentation au micro) mais avec des chor\u00e9graphies en plus. Et davantage de candidates, davantage de pression\u2026 Mais tellement de supers souvenirs !!<\/em><\/b><\/span><\/font><br>\n&nbsp;<br>\n&nbsp;<br>\n&nbsp;<br>\n<img loading=\"lazy\" src=\"http:\/\/www.adomode.net\/wp-content\/uploads\/2012\/09\/melodyo002.jpg\" alt=\"\" title=\"melodyo002\" class=\"aligncenter size-full wp-image-431\" width=\"205\" height=\"306\"><br>\n&nbsp;<br>\n&nbsp;<br>\n<strong>Parle-nous de tes projets, de tes ambitions :<\/strong><br>\n&nbsp;<br>\n<font color=\"#F79CD2\"><span style=\"font-size:11pt;\"><b><em>Ma prochaine \u00e9lection est celle de Miss Pays de Loire en 2013 et \u00e7a sera ma derni\u00e8re puisque cette \u00e9lection est ouverte aux 18-24 ans et que je suis dans ma 24\u00e8me ann\u00e9e. Je regrette un peu de ne pas avoir eu l\u2019opportunit\u00e9 de commencer plus t\u00f4t dans les \u00e9lections de Miss, mais je pense que je n\u2019\u00e9tais pas forc\u00e9ment pr\u00eate. Sinon je souhaiterais continuer les d\u00e9fil\u00e9s de mode et les shooting photos que j\u2019adore.<\/em><\/b><\/span><\/font><br>\n&nbsp;<br>\n&nbsp;<br>\n<strong>Quels conseils donnerais-tu \u00e0 une mineure qui souhaite se lancer !?<\/strong><br>\n&nbsp;<br>\n<font color=\"#F79CD2\"><span style=\"font-size:11pt;\"><b><em>A partir du moment o\u00f9 on se pose la question de se lancer, il ne faut pas h\u00e9siter, on a rien \u00e0 perdre mais tout \u00e0 gagner. C\u2019est une exp\u00e9rience unique qui laisse beaucoup de souvenirs et qui permet beaucoup de rencontres. Il ne faut pas non plus se prendre trop la t\u00eate, il s\u2019agit de profiter de ces beaux instants. En ce qui concerne les \u00e9lections pour les mineures, je ne conna\u00ees pas trop les possibilit\u00e9s mais je pense que c\u2019est un peu t\u00f4t car beaucoup prennent vite la grosse t\u00eate. Mais \u00e0 partir de 18 ans, pour celles qui n\u2019entrent pas dans les crit\u00e8res (1m70 minimum, 18-24ans), il y a par exemple la possibilit\u00e9 des \u00e9lections de Miss XS (moins de 1m70) ou m\u00eame les \u00e9lections de Miss Troph\u00e9e Vert (1m65 minimum, 18-30ans).<\/em><\/b><\/span><\/font><br>\n&nbsp;<br>\n&nbsp;<br>\n&nbsp;<br>\n<em><strong>Interview r\u00e9alis\u00e9e par Kristof\u2019.<\/strong><\/em><br>\n<em><strong>Photos r\u00e9alis\u00e9es par le Studio Camara \u00e0 Angers.<\/strong><\/em><br>\n&nbsp;<br>\n&nbsp;<\/p>\n ","protected":false},"excerpt":{"rendered":"<p>Interview r\u00e9alis\u00e9e en 2012. M\u00e9lody a particip\u00e9 \u00e0 son 1er concours \u00e0 16 ans et demi. A 23 ans, elle a gagn\u00e9 2 concours important sur son secteur, \u00e0 savoir Miss Anjou et Miss Maine-et-Loire. A 23 ans, elle a gagn\u00e9 2 concours important sur son secteur, \u00e0 savoir Miss Anjou et Miss Maine-et-Loire. &nbsp; &hellip; <\/p>\n","protected":false},"author":1,"featured_media":0,"comment_status":"closed","ping_status":"closed","sticky":false,"template":"","format":"standard","meta":[],"categories":[5],"tags":[],"_links":{"self":[{"href":"http:\/\/adomode.net\/informations\/wp-json\/wp\/v2\/posts\/318"}],"collection":[{"href":"http:\/\/adomode.net\/informations\/wp-json\/wp\/v2\/posts"}],"about":[{"href":"http:\/\/adomode.net\/informations\/wp-json\/wp\/v2\/types\/post"}],"author":[{"embeddable":true,"href":"http:\/\/adomode.net\/informations\/wp-json\/wp\/v2\/users\/1"}],"replies":[{"embeddable":true,"href":"http:\/\/adomode.net\/informations\/wp-json\/wp\/v2\/comments?post=318"}],"version-history":[{"count":2,"href":"http:\/\/adomode.net\/informations\/wp-json\/wp\/v2\/posts\/318\/revisions"}],"predecessor-version":[{"id":1042,"href":"http:\/\/adomode.net\/informations\/wp-json\/wp\/v2\/posts\/318\/revisions\/1042"}],"wp:attachment":[{"href":"http:\/\/adomode.net\/informations\/wp-json\/wp\/v2\/media?parent=318"}],"wp:term":[{"taxonomy":"category","embeddable":true,"href":"http:\/\/adomode.net\/informations\/wp-json\/wp\/v2\/categories?post=318"},{"taxonomy":"post_tag","embeddable":true,"href":"http:\/\/adomode.net\/informations\/wp-json\/wp\/v2\/tags?post=318"}],"curies":[{"name":"wp","href":"https:\/\/api.w.org\/{rel}","templated":true}]}}