{"id":950,"date":"2012-09-27T01:16:39","date_gmt":"2012-09-26T23:16:39","guid":{"rendered":"http:\/\/adomode.net\/informations\/?p=950"},"modified":"2020-12-03T16:20:01","modified_gmt":"2020-12-03T15:20:01","slug":"interview-de-laura-lallo-deja-plusieurs-succes-a-seulement-15-ans-et-demi","status":"publish","type":"post","link":"http:\/\/adomode.net\/informations\/interview-de-laura-lallo-deja-plusieurs-succes-a-seulement-15-ans-et-demi\/","title":{"rendered":"Interview de Laura Lallo : D\u00e9j\u00e0 plusieurs succ\u00e8s \u00e0 seulement 15 ans et demi."},"content":{"rendered":"\n<p><font color=\"#F79CD2\"><strong>Interview r\u00e9alis\u00e9e en 2012.<\/strong><\/font>\n&nbsp;<br>\n&nbsp;<br>\n&nbsp;<br>\n&nbsp;<br>\n<em><strong>Date de Naissance :  13 Novembre 1996<br>\nD\u00e9partement de r\u00e9sidence : Moselle (57)<br>\nTaille : 1m76<\/strong><\/em><br>\n&nbsp;<br>\n&nbsp;<br>\n<img loading=\"lazy\" src=\"http:\/\/www.adomode.net\/wp-content\/uploads\/2012\/09\/lauralallo02.png\" alt=\"\" title=\"lauralallo02\" class=\"aligncenter size-full wp-image-419\" width=\"400\" height=\"306\"><br>\n&nbsp;<br>\n&nbsp;<br>\n<strong>Raconte-nous comment tout a commenc\u00e9 pour toi :<\/strong><br>\n&nbsp;<br>\n<font color=\"#F79CD2\"><span style=\"font-size:11pt;\"><b><em>Il y a 5 ans (en 2007), j\u2019ai vu un d\u00e9fil\u00e9 dans une galerie marchande d\u2019un centre commercial et j\u2019ai dis \u00e0 ma maman \u00ab&nbsp;c\u2019est cela que je veux faire comme activit\u00e9&nbsp;\u00bb.<br>\nIl n\u2019y en avait malheureusement aucune sur le secteur, et ma maman a donc d\u00e9cid\u00e9 de cr\u00e9er une association avec des cours, des d\u00e9fil\u00e9s et des \u00e9lections.<\/em><\/b><\/span><\/font><br>\n&nbsp;<br>\n&nbsp;<br>\n&nbsp;<br>\n&nbsp;<br>\n<strong>Parle-nous de ton parcours :<\/strong><br>\n&nbsp;<br>\n<font color=\"#F79CD2\"><span style=\"font-size:11pt;\"><b><em>Pour mon jeune \u00e2ge, j\u2019ai d\u00e9j\u00e0 r\u00e9alis\u00e9 beaucoup de choses et eu pas mal de succ\u00e8s.<br>\nJ\u2019\u00e9tais timide au d\u00e9but, mais au fil des d\u00e9fil\u00e9s et des \u00e9lections, j\u2019ai eu une certaine assurance.<br>\n&nbsp;<br>\nEn 2008, j\u2019ai particip\u00e9 au concours \u00e0 Roncourt (54), o\u00f9 j\u2019ai \u00e9t\u00e9 \u00e9lue Miss Demoiselle de Roncourt 2008, dans la cat\u00e9gories 11\/13 ans.<br>\n&nbsp;<br>\nEn 2009, j\u2019ai particip\u00e9 \u00e0 plusieurs concours et obtenues ces \u00e9charpes : 2\u00e8me Dauphine Teen Princesse Lorraine 2009, Miss Hacienda 2009 et Petite Miss Italie 2009\/2010 (cat\u00e9gorie 11\/13ans).<br>\n&nbsp;<br>\nMai 2010, j\u2019ai eu la chance de d\u00e9filer au ch\u00e2teau de Versailles, pour la cr\u00e9atrice de robes M\u00e9lissa O\u2019Carroll, qui est de ma r\u00e9gion Lorraine.<br>\nLe 1er Aout 2010, \u00e0 Ars-sur-Moselle (57), j\u2019ai particip\u00e9 \u00e0 une \u00e9lection que j\u2019ai gagn\u00e9 en \u00e9tant \u00e9lue Demoiselle Moselle 2010.<br>\nA Pont \u00e0 Mousson (54), au mois de Mai, j\u2019ai \u00e9t\u00e9 2\u00e8me Dauphine de Miss Meurthe et Moselle 2010, cat\u00e9gorie de 15 \u00e0 17 ans.<br>\n&nbsp;<br>\nEn 2011, j\u2019ai particip\u00e9 \u00e0 un shooting qui m\u2019a valu de paraitre dans le magazine Mari\u00e9e Magazine. Celui-ci est paru en Septembre 2011.<br>\nLe 30 Avril 2011, j\u2019ai particip\u00e9 \u00e0 un concours de Miss, organis\u00e9 par le Zen Bar. J\u2019ai gagn\u00e9 le concours des 15\/17ans, en devenant Miss Zen Ado 2011.<br>\nSeptembre 2011, \u00e0 Ottange (57), j\u2019ai \u00e9t\u00e9 \u00e9lue Miss Ich Bin 2011.<br>\nLe 25 novembre 2011, j\u2019ai particip\u00e9 \u00e0 un concours international (France \u2013 Luxembourg \u2013 Belgique \u2013 Allemagne), o\u00f9 j\u2019ai gagn\u00e9 l\u2019\u00e9charpe de Model Of Excellence 2011-2012, dans ma cat\u00e9gorie d\u2019\u00e2ge.<br>\n&nbsp;<br>\nEn 2012, j\u2019ai sign\u00e9 un contrat avec l\u2019agence JO Model Management. Cette agence internationale de mannequinat travaille sur toutes la Grande R\u00e9gion (Lorraine, Luxembourg, Belgique, et une partie de l\u2019Allemagne.)<br>\nAu mois d\u2019Avril, j\u2019ai particip\u00e9 au concours Miss Jeune Talent France 2012, lors de la journ\u00e9e \u00ab&nbsp;D\u00e9couverte de Jeunes Talents&nbsp;\u00bb \u00e0 Clouage (57). Ce concours comportant une partie d\u00e9fil\u00e9 et une partie libre o\u00f9 j\u2019ai chant\u00e9. J\u2019ai gagn\u00e9 dans la cat\u00e9gorie des 14 \u00e0 16 ans.<br>\nLors de la Semaine de l\u2019Oc\u00e9an (du 2 au 10 Juin), \u00e0 Marly (57), j\u2019ai \u00e9t\u00e9 \u00e9lue 1\u00e8re Dauphine de Miss Oc\u00e9an 2012.<br>\nLe 30 Juin, gr\u00e2ce \u00e0 mon agence, j\u2019ai \u00e9t\u00e9 h\u00f4tesse et mannequin lors des Intervilles 2012 \u00e0 Dillerdange (Luxembourg).<br>\n\u00c0 l\u2019occasion des festivit\u00e9s de la f\u00eate nationale du 14 Juillet \u00e0 Metz (57), le quartier de Magny animait le 13 Juillet 2012, l\u2019\u00e9lection de Miss Magny 2012. J\u2019ai eu le bonheur de gagner ce concours.<br>\n&nbsp;<br>\nDepuis mes d\u00e9buts, j\u2019ai d\u00e9j\u00e0 particip\u00e9 \u00e0 plus de 35 d\u00e9fil\u00e9s et \u00e9galement particip\u00e9 \u00e0 plusieurs shooting.<\/em><\/b><\/span><\/font><br>\n&nbsp;<br>\n&nbsp;<br>\n&nbsp;<br>\n<img loading=\"lazy\" src=\"http:\/\/www.adomode.net\/wp-content\/uploads\/2012\/09\/lauralallo01.png\" alt=\"\" title=\"lauralallo01\" class=\"aligncenter size-full wp-image-421\" width=\"406\" height=\"156\"><br>\n&nbsp;<br>\n&nbsp;<br>\n<strong>Parle-nous de tes projets, de tes ambitions :<\/strong><br>\n&nbsp;<br>\n<font color=\"#F79CD2\"><span style=\"font-size:11pt;\"><b><em>Je me pr\u00e9pare actuellement pour l\u2019\u00e9lection Miss Grande R\u00e9gion, qui se d\u00e9roule le 1er D\u00e9cembre 2012 au Luxembourg.<br>\nLorsque j\u2019aurais 18 ans et si j\u2019ai la chance d\u2019\u00eatre s\u00e9lectionn\u00e9e, je souhaiterais tenter ma chance au concours de Miss Lorraine pour Miss France.<\/em><\/b><\/span><\/font><br>\n&nbsp;<br>\n&nbsp;<br>\n&nbsp;<br>\n<img loading=\"lazy\" src=\"http:\/\/www.adomode.net\/wp-content\/uploads\/2012\/09\/lauralallo03.png\" alt=\"\" class=\"aligncenter size-full wp-image-426\" width=\"309\" height=\"206\"><br>\n&nbsp;<br>\n&nbsp;<br>\n<strong>Quels conseils donnerais-tu \u00e0 une mineure qui souhaite faire comme toi !?<\/strong><br>\n&nbsp;<br>\n<font color=\"#F79CD2\"><span style=\"font-size:11pt;\"><b><em>Si le mannequinat, les \u00e9lections et les d\u00e9fil\u00e9s sont ta passion : tentes ta chance et fais toi plaisir ; cependant, c\u2019est un monde o\u00f9 parfois il y a des personnes \u00e0 \u00e9viter et donc il faut rester sur ses gardes ; je conseille d\u2019avoir toujours proche de soi, ses parents qui te suivent et te guident.<br>\nJ\u2019ai retenue de mes ann\u00e9es d\u2019exp\u00e9rience qu\u2019il faut toujours rester humble et fid\u00e8le \u00e0 soi-m\u00eame car tout ceci reste une activit\u00e9 de plaisir, et qu\u2019il ne faut pas que cela monte \u00e0 la t\u00eate.<\/em><\/b><\/span><\/font><br>\n&nbsp;<br>\n&nbsp;<br>\n&nbsp;<br>\n<em><strong>Interview r\u00e9alis\u00e9e par Kristof\u2019.<\/strong><\/em><br>\n&nbsp;<br>\n&nbsp;<\/p>\n ","protected":false},"excerpt":{"rendered":"<p>Interview r\u00e9alis\u00e9e en 2012. &nbsp; &nbsp; &nbsp; &nbsp; Date de Naissance : 13 Novembre 1996 D\u00e9partement de r\u00e9sidence : Moselle (57) Taille : 1m76 &nbsp; &nbsp; &nbsp; &nbsp; Raconte-nous comment tout a commenc\u00e9 pour toi : &nbsp; Il y a 5 ans (en 2007), j\u2019ai vu un d\u00e9fil\u00e9 dans une galerie marchande d\u2019un centre commercial &hellip; <\/p>\n","protected":false},"author":1,"featured_media":0,"comment_status":"closed","ping_status":"closed","sticky":false,"template":"","format":"standard","meta":[],"categories":[5],"tags":[],"_links":{"self":[{"href":"http:\/\/adomode.net\/informations\/wp-json\/wp\/v2\/posts\/950"}],"collection":[{"href":"http:\/\/adomode.net\/informations\/wp-json\/wp\/v2\/posts"}],"about":[{"href":"http:\/\/adomode.net\/informations\/wp-json\/wp\/v2\/types\/post"}],"author":[{"embeddable":true,"href":"http:\/\/adomode.net\/informations\/wp-json\/wp\/v2\/users\/1"}],"replies":[{"embeddable":true,"href":"http:\/\/adomode.net\/informations\/wp-json\/wp\/v2\/comments?post=950"}],"version-history":[{"count":3,"href":"http:\/\/adomode.net\/informations\/wp-json\/wp\/v2\/posts\/950\/revisions"}],"predecessor-version":[{"id":1043,"href":"http:\/\/adomode.net\/informations\/wp-json\/wp\/v2\/posts\/950\/revisions\/1043"}],"wp:attachment":[{"href":"http:\/\/adomode.net\/informations\/wp-json\/wp\/v2\/media?parent=950"}],"wp:term":[{"taxonomy":"category","embeddable":true,"href":"http:\/\/adomode.net\/informations\/wp-json\/wp\/v2\/categories?post=950"},{"taxonomy":"post_tag","embeddable":true,"href":"http:\/\/adomode.net\/informations\/wp-json\/wp\/v2\/tags?post=950"}],"curies":[{"name":"wp","href":"https:\/\/api.w.org\/{rel}","templated":true}]}}