{"id":988,"date":"2012-12-12T02:24:59","date_gmt":"2012-12-12T01:24:59","guid":{"rendered":"http:\/\/adomode.net\/informations\/?p=988"},"modified":"2020-12-03T02:25:51","modified_gmt":"2020-12-03T01:25:51","slug":"interview-de-laura-rouarch-plusieurs-titres-de-miss-en-bretagne","status":"publish","type":"post","link":"http:\/\/adomode.net\/informations\/interview-de-laura-rouarch-plusieurs-titres-de-miss-en-bretagne\/","title":{"rendered":"Interview de Laura Rouarch, plusieurs titres de Miss en Bretagne."},"content":{"rendered":"\n<font color=\"#F79CD2\"><strong>Interview r\u00e9alis\u00e9e en 2012.<\/strong><\/font>\n&nbsp;<br>\n&nbsp;<br \/>\n&nbsp;<br \/>\n&nbsp;<br \/>\n<img loading=\"lazy\" src=\"http:\/\/www.adomode.net\/wp-content\/uploads\/2012\/11\/laurar5603.jpg\" alt=\"\" width=\"355\" height=\"180\" class=\"aligncenter size-full wp-image-1944\" \/><\/p>\n<p><strong><span style=\"font-size:9pt;\"><\/p>\n<p style=\"text-align: center;\"> Laura Rouarch est ag\u00e9e actuellement de 19 ans.<br \/>\nElle est n\u00e9e le 15 Octobre 1993, et mesure 1m76.<br \/>\nElle r\u00e9side dans le d\u00e9partement du Morbihan (56).<\/p>\n<p>&nbsp;<br \/>\n&nbsp;<br \/>\n&nbsp;<br \/>\n&nbsp;<br \/>\nLaura nous d\u00e9voile son parcours avec d\u00e9tails et nous apporte son exp\u00e9rience.<br \/>\n&nbsp;<br \/>\n&nbsp;<br \/>\n&nbsp;<br \/>\nRaconte-nous ton parcours :<br \/>\n&nbsp;<br \/>\n<font color=\"#F79CD2\"><b><em>Mon premier pas dans le monde de la mode a \u00e9t\u00e9 le concours Elite Model Look France en 2009.<br \/>\nJe me suis donc pr\u00e9sent\u00e9e du haut de mes 15 ans au casting de Nantes. Sur environ 250 filles qui se sont pr\u00e9sent\u00e9es, j&rsquo;ai \u00e9t\u00e9 s\u00e9lectionn\u00e9e avec 3 autres filles. J&rsquo;ai donc \u00e9t\u00e9 qualifi\u00e9e pour la demi-finale nationale qui a eu lieu \u00e0 Paris, le 31 ao\u00fbt 2009.<br \/>\nNous \u00e9tions 66 filles s\u00e9l\u00e9ctionn\u00e9es \u00e0 travers toute la France.<br \/>\nPour moi, l&rsquo;aventure s&rsquo;est arr\u00eat\u00e9e avant la finale, mais j&rsquo;ai v\u00e9\u00e7u une exp\u00e9rience unique et inoubliable.<br \/>\n&nbsp;<br \/>\n&nbsp;<br \/>\nL&rsquo;ann\u00e9e suivante, ma maman a trouv\u00e9 un article dans la presse \u00e0 propos d&rsquo;un petit comit\u00e9 local qui s&rsquo;appelle Comit\u00e9 Jean Eveno (du nom de son fondateur, un photographe connu en Bretagne depuis les ann\u00e9es 50) et qui recherchait des candidatures pour l&rsquo;\u00e9l\u00e9ction de Miss Morbihan. Ma m\u00e8re m&rsquo;a demand\u00e9 mon avis, et je m&rsquo;\u00e9tais jamais pos\u00e9e la question si le monde des Miss pourrait m&rsquo;attirer.<br \/>\nJ&rsquo;ai r\u00e9fl\u00e9chi et je me suis alors lanc\u00e9e en m&rsquo;y inscrivant.<br \/>\nJe me suis pr\u00e9sent\u00e9e \u00e0 l&rsquo;\u00e9lection de Miss Morbihan, le 3 ao\u00fbt 2010, \u00e0 Larmor Plage (56).<br \/>\nStress\u00e9e et voyant toutes ces filles d\u00e9j\u00e0 habitu\u00e9es \u00e0 la sc\u00e8ne, je me suis sentie un petit peu perdue.<br \/>\nJe me suis m\u00eame demand\u00e9e ce que je faisais ici.<br \/>\nMon stress est tout de suite tomb\u00e9 d\u00e8s que l&rsquo;\u00e9lection a commenc\u00e9. J&rsquo;ai pris \u00e9normement de plaisir et j&rsquo;ai pris cette \u00e9lection comme une bonne exp\u00e9rience humaine.<br \/>\nA ma plus grande surprise, j&rsquo;ai d\u00e9croch\u00e9 mon premier titre de Miss \u00e0 16 ans.<br \/>\nJ&rsquo;ai v\u00e9\u00e7u vraiment une tr\u00e8s belle surprise d&rsquo;atteindre la plus haute marche de ce podium.<br \/>\nCe comit\u00e9 ne faisait partie ni du comit\u00e9 Miss France et ni du comit\u00e9 Miss Prestige National.<br \/>\nD&rsquo;ailleurs, il n&rsquo;y avait pas d&rsquo;\u00e9lection r\u00e9gionale, donc cela s&rsquo;arr\u00eatait l\u00e0 pour moi.<br \/>\n&nbsp;<br \/>\n&nbsp;<br \/>\nEn \u00e9tant mineure, j&rsquo;ai d\u00e9but\u00e9 quelques s\u00e9ances photos avec des photographes amateurs.<br \/>\nJ&rsquo;ai vite pris go\u00fbt aux shooting et \u00e0 l&rsquo;ambiance qui s&rsquo;y passe.<br \/>\nToujours avec bonne humeur et professionalisme, les s\u00e9ances se d\u00e9roulaient \u00e0 merveille ; m\u00eame si au d\u00e9but, j&rsquo;\u00e9tais un petit peu intimid\u00e9e par l&rsquo;objectif qui se trouvait devant moi.<br \/>\n&nbsp;<br \/>\n&nbsp;<br \/>\nAu mois de Janvier 2011, j&rsquo;ai re\u00e7u un message priv\u00e9 sur mon compte Facebook, qui sera \u00eatre d\u00e9terminant pour la suite de mon parcours.<br \/>\nCe message provenait de Laura Maurey (Miss Normandie 2011 et Dauphine de Miss Nationale 2011). D&rsquo;ailleurs, c&rsquo;est elle qui a repr\u00e9sent\u00e9 la France \u00e0 l&rsquo;\u00e9lection de Miss Internationale, qui s&rsquo;est d\u00e9roul\u00e9e en Chine.<br \/>\nDans ce message, j&rsquo;y ai lu &laquo;&nbsp;Bonjour Laura, je me permets de t&rsquo;envoyer un message car j&rsquo;ai pu voir quelques photos de toi et je trouve que tu as le profil pour faire les \u00e9lections de Miss. Est-ce-que cela t&rsquo;interesserais ?&nbsp;&raquo;.<br \/>\nToute contente, je me suis empress\u00e9e d&rsquo;aller faire lire ce message \u00e0 ma maman pour demander conseil.<br \/>\nApr\u00e8s r\u00e9flexion, j&rsquo;ai pris la d\u00e9cision de &laquo;&nbsp;d\u00e9missionner&nbsp;&raquo; du Comit\u00e9 Jean Eveno dans lequel j&rsquo;avais \u00e9t\u00e9 \u00e9lue Miss Morbihan 2010, afin de faire mes premiers pas au sein du Comit\u00e9 Miss Prestige National.<br \/>\nJ&rsquo;ai donc commenc\u00e9 ma premiere \u00e9lection au mois d&rsquo;Avril 2011, sans succ\u00e8s et sans podium cette fois-ci.<br \/>\nC&rsquo;\u00e9tait pour moi, un m\u00e9lange de d\u00e9ception et de satisfaction qui se sont m\u00eal\u00e9es. D\u00e9ception car je n&rsquo;ai pas eu d&rsquo;\u00e9charpe mais satisfaction parce que c&rsquo;\u00e9tait ma v\u00e9ritable \u00e9lection avec eux.<br \/>\nLe mois qui suivi, j&rsquo;ai \u00e9t\u00e9 appel\u00e9e pour l&rsquo;\u00e9lection de Miss Armorique, \u00e9lection qui regroupe toutes les filles de la Bretagne et qui est mise en place au profit d&rsquo;une maladie qui est la Spondylarthrite. De plus, ce concours est associ\u00e9 \u00e0 des courses cyclistes.<br \/>\nA cette \u00e9lection, j&rsquo;ai \u00e9t\u00e9 \u00e9lue 1\u00e8re dauphine, et j&rsquo;ai donc eu une immense joie d&rsquo;avoir ma deuxi\u00e8me \u00e9charpe. C&rsquo;est \u00e0 cette \u00e9lection que j&rsquo;ai rencontr\u00e9 Mme De Fontenay, personnage embl\u00e9matique des Miss. Ce fut une rencontre tr\u00e8s impressionante ; toujours une petite phrase gentille et encourageante. Une grande dame souvent critiqu\u00e9e mais tellement appreci\u00e9e.<br \/>\n&nbsp;<br \/>\n&nbsp;<br \/>\n&nbsp;<br \/>\n<img loading=\"lazy\" src=\"http:\/\/www.adomode.net\/wp-content\/uploads\/2012\/11\/laurar56011.jpg\" alt=\"\" width=\"460\" height=\"156\" class=\"aligncenter size-full wp-image-1945\" \/><br \/>\n&nbsp;<br \/>\n&nbsp;<br \/>\n&nbsp;<br \/>\nEn Ao\u00fbt, j&rsquo;ai pu faire Miss Morbihan 2011.<br \/>\nArriv\u00e9e \u00e0 l&rsquo;\u00e9lection, j&rsquo;ai \u00e9t\u00e9 \u00e9blouie par toutes les filles qui se pr\u00e9sentaient et je me disais que je n&rsquo;avais aucune chance.<br \/>\nL&rsquo;\u00e9lection commence, le passage en robe de soir\u00e9e commence, suivi du fameux passage en maillot de bain.<br \/>\nLors des r\u00e9sultats, j&rsquo;entends : &laquo;&nbsp;Notre nouvelle Miss Morbihan 2011 est la candidate s&rsquo;\u00e9tant pr\u00e9senter avec le Numero 8, Laura Rouarch.&nbsp;&raquo;.<br \/>\nHeureuse comme jamais, et voyant ma famille ayant les larmes aux yeux, je n&rsquo;ai pu emp\u00eacher \u00e0 mon tour de laisser les larmes couler, des larmes de joies, de bonheur et de fiert\u00e9.<br \/>\nL&rsquo;aventure continue alors pour moi, place \u00e0 l&rsquo;\u00e9lection de Miss Bretagne qui avait lieu le mois suivant.<br \/>\n&nbsp;<br \/>\n&nbsp;<br \/>\nLe 28 Septembre 2011, c&rsquo;est l&rsquo;\u00e9lection de Miss Bretagne et je portes le num\u00e9ro 18.<br \/>\nNous sommes 20 filles en concurrence pour le fameux titre r\u00e9gional.<br \/>\nUne superbe journ\u00e9e est pass\u00e9e entre les r\u00e9p\u00e9titions et les pr\u00e9paratifs (coiffage, maquillage).<br \/>\nLa soir\u00e9e commence et d\u00e9file vite. La proclamation des r\u00e9sultats ne se fait pas attendre.<br \/>\nSur 20 filles, moi qui n&rsquo;est que 17 ans, je finis dans le Top 3.<br \/>\nLe public et le jury m&rsquo;ont \u00e9lue 2\u00e8me Dauphine de Miss Bretagne 2011.<br \/>\n&nbsp;<br \/>\n&nbsp;<br \/>\nApres l&rsquo;\u00e9lection de Miss Bretagne, d&rsquo;autres \u00e9lections se sont encha\u00een\u00e9es :<br \/>\nJ&rsquo;ai \u00e9t\u00e9 \u00e9lue Miss Nantes, en Novembre 2011.<br \/>\nJ&rsquo;ai ensuite \u00e9t\u00e9 \u00e9lue Miss Loire-Atlantique 2012 ; ce qui m&rsquo;a qualifi\u00e9 \u00e0 l&rsquo;\u00e9lection de Miss Bretagne 2012, pour la deuxi\u00e8me fois.<br \/>\n&nbsp;<br \/>\n&nbsp;<br \/>\nA Miss Bretagne 2012, j&rsquo;ai encore fini 2\u00e8me Dauphine.<br \/>\n&nbsp;<br \/>\n&nbsp;<br \/>\nEnsuite, il s&rsquo;est succ\u00e9d\u00e9 les nouvelles \u00e9charpes :<br \/>\n1\u00e8re Dauphine Miss Route Ad\u00e9lie, en Septembre 2012.<br \/>\nMiss Val d&rsquo;Ile U Classic, en Octobre 2012.<br \/>\n2\u00e8me Dauphine de Miss Armorique 2012, le 10 Novembre dernier.<br \/>\n&nbsp;<br \/>\n&nbsp;<br \/>\nA l&rsquo;heure actuelle et \u00e0 19 ans, je d\u00e9tiens 10 \u00e9charpes et je peux dire que je suis tr\u00e8s fi\u00e8re de moi et de mon parcours effectu\u00e9. J&rsquo;ai commenc\u00e9 les \u00e9lections \u00e0 mes 16 ans, comme quoi cela est possible, il faut juste bien se renseigner. Je vis un r\u00eave \u00e9veill\u00e9, j&rsquo;ai pu faire de magnifiques rencontres que ce soit avec les candidates ou des cr\u00e9ateurs de mode.<br \/>\nLe monde des Miss m&rsquo;a permis une ouverture sur divers horizons.<br \/>\nOn peut me retrouver \u00e0 diverses remises de prix lors des courses cyclistes, \u00e0 des d\u00e9fil\u00e9s de mode, etc&#8230;<br \/>\n&nbsp;<br \/>\n&nbsp;<br \/>\nSi cela n&rsquo;\u00e9tait pas venu de ma maman ou de Laura Maurey, cela ne me serait certainement pas pass\u00e9e par la t\u00eate de faire les Miss. Et pourtant, maintenant, je n&rsquo;arr\u00eaterais pour rien au monde. Cette sensation de bien-\u00eatre et d&rsquo;\u00e9panouissement lorsque l&rsquo;on d\u00e9file, on sourit pour montrer au public qu&rsquo;on l&rsquo;aime et non parce que l&rsquo;on est &laquo;&nbsp;oblig\u00e9&nbsp;&raquo; de sourire.<br \/>\nLes Miss ont certainement marqu\u00e9 un bon chapitre du livre de ma vie que je ne suis pas pr\u00eate d&rsquo;oublier. Je pense continuer jusqu&rsquo;a ce que mon \u00e2ge me le permettra et j&rsquo;esp\u00e8re pouvoir un jours toucher mon r\u00eave, celui de devenir la miss de ma r\u00e9gion Bretagne.<br \/>\n&nbsp;<br \/>\n&nbsp;<br \/>\nA travers mon titre de Miss Morbihan, j&rsquo;ai voulu en profiter pour apporter une aide aupr\u00e8s des pompiers du Morbihan, afin de r\u00e9colter des fonds pour financer des instruments de musique pour la Bagad des pompiers du Morbihan.<br \/>\n&nbsp;<br \/>\nA chaque remise de l&rsquo;un de mes titres, c&rsquo;est un d\u00e9chirement, mais il faut bien c\u00e9der sa place pour la beaut\u00e9 qui va prendre la rel\u00e8ve de notre ann\u00e9e de miss.<br \/>\n&nbsp;<br \/>\n&nbsp;<br \/>\nA c\u00f4t\u00e9 des Miss, j&rsquo;ai eu d&rsquo;autres exp\u00e9riences. J&rsquo;ai fais le casting pour l&rsquo;\u00e9mission G\u00e9n\u00e9ration Mannequin, o\u00f9 j&rsquo;ai \u00e9t\u00e9 jusqu&rsquo;a Paris en demi-finale, mais je n&rsquo;ai pas particip\u00e9 \u00e0 l&rsquo;\u00e9mission tv.<br \/>\n&nbsp;<br \/>\n&nbsp;<br \/>\nJ&rsquo;ai \u00e9t\u00e9 \u00e9galement prise sur un casting via internet pour la marque de Bijoux Murat Paris.<br \/>\nJe me suis donc rendu sur Paris, l&rsquo;\u00e9t\u00e9 dernier. J&rsquo;ai pu y faire un shooting et faire un reportage.<br \/>\nJe repr\u00e9sentais le style &laquo;&nbsp;Fashion&nbsp;&raquo;.<br \/>\n&nbsp;<br \/>\n&nbsp;<br \/>\nJ&rsquo;ai d\u00e9fil\u00e9 plusieurs fois pour le Troph\u00e9e de Jeunes Cr\u00e9ateurs de Mode, \u00e0 Plouescat (Finist\u00e8re) puis \u00e0 Beauvoir-sur-Mer (Vend\u00e9e), ainsi que pour BMW et Armor Lux, et pour des commer\u00e7ants de diverses villes.<br \/>\nJ&rsquo;ai \u00e9galement fais quelques shooting, notamment pour le book d&rsquo;une maquilleuse de chez Make-Up Forever, et pour le concours d&rsquo;un jeune coiffeur.<br \/>\n&nbsp;<br \/>\n&nbsp;<br \/>\nJ&rsquo;ai fais des d\u00e9marches aupr\u00e8s de diff\u00e9rentes agences de mannequins sur Paris.<br \/>\nDes r\u00e9ponses d&rsquo;abord positives mais lorsque j&rsquo;ai rencontr\u00e9 les bookeurs des agences, toujours le m\u00eame probl\u00e8me : &laquo;&nbsp;Il faudrait que tu habites sur Paris si tu veux faire carri\u00e8re.&nbsp;&raquo;.<br \/>\nOr, mes \u00e9tudes sont plus importantes car ce monde est \u00e9phem\u00e8re.<br \/>\nJe garde la t\u00eate sur les \u00e9paules et ne perds pas mon premier r\u00eave et objectif avant tout qui est celui d&rsquo;\u00eatre infirmi\u00e8re.<br \/>\n&nbsp;<br \/>\n&nbsp;<br \/>\nSi tout ce que j&rsquo;ai fais \u00e9tait \u00e0 refaire, je le referais sans aucunes h\u00e9sitations peut-\u00eatre en changeant certaines choses mais je le referais c&rsquo;est certains.<\/em><\/b><\/font><br \/>\n&nbsp;<br \/>\n&nbsp;<br \/>\n&nbsp;<br \/>\n&nbsp;<br \/>\n<img loading=\"lazy\" src=\"http:\/\/www.adomode.net\/wp-content\/uploads\/2012\/11\/laurar5604.jpg\" alt=\"\" width=\"331\" height=\"250\" class=\"aligncenter size-full wp-image-1947\" \/><br \/>\n&nbsp;<br \/>\n&nbsp;<br \/>\nQuels conseils aurais-tu \u00e0 donner !?<br \/>\n&nbsp;<br \/>\n<font color=\"#F79CD2\"><b><em>Je conseille de croire en ses r\u00eaves quel qu&rsquo;ils soient.<br \/>\nIl faut simplement se donner les moyens, certaines fois, afin d&rsquo;y parvenir, mais cela en vaut largement le coup vu la r\u00e9jouissance que cela nous apporte au final.<br \/>\nM\u00eame si on ne gagne pas d\u00e8s la premiere \u00e9lection comme pour moi : il faut fonder sur les \u00e9checs notre r\u00e9ussite. Ce n&rsquo;est pas parcequ&rsquo;on perds une \u00e9lection qu&rsquo;on va toutes les perdre.<br \/>\nIl faut y croire, et tout se passera mieux.<br \/>\n&nbsp;<br \/>\nJ&rsquo;ai appris qu&rsquo;il faut toujours avoir confiance en soi et garder la t\u00eate froide.<br \/>\nLe petit monde des Miss est pour moi : ma deuxi\u00e8me famille.<\/em><\/b><\/font><br \/>\n&nbsp;<br \/>\n&nbsp;<br \/>\n&nbsp;<br \/>\nMerci pour cette interview.<br \/>\n&nbsp;<br \/>\n&nbsp;<br \/>\n&nbsp;<br \/>\n<em>Propos recueillis par Kristof&rsquo;<\/em><\/span><br \/>\n<\/span><\/strong>\n ","protected":false},"excerpt":{"rendered":"<p>Interview r\u00e9alis\u00e9e en 2012. &nbsp; &nbsp; &nbsp; &nbsp; Laura Rouarch est ag\u00e9e actuellement de 19 ans. Elle est n\u00e9e le 15 Octobre 1993, et mesure 1m76. Elle r\u00e9side dans le d\u00e9partement du Morbihan (56). &nbsp; &nbsp; &nbsp; &nbsp; Laura nous d\u00e9voile son parcours avec d\u00e9tails et nous apporte son exp\u00e9rience. &nbsp; &nbsp; &nbsp; Raconte-nous ton &hellip; <\/p>\n","protected":false},"author":1,"featured_media":0,"comment_status":"closed","ping_status":"closed","sticky":false,"template":"","format":"standard","meta":[],"categories":[5],"tags":[],"_links":{"self":[{"href":"http:\/\/adomode.net\/informations\/wp-json\/wp\/v2\/posts\/988"}],"collection":[{"href":"http:\/\/adomode.net\/informations\/wp-json\/wp\/v2\/posts"}],"about":[{"href":"http:\/\/adomode.net\/informations\/wp-json\/wp\/v2\/types\/post"}],"author":[{"embeddable":true,"href":"http:\/\/adomode.net\/informations\/wp-json\/wp\/v2\/users\/1"}],"replies":[{"embeddable":true,"href":"http:\/\/adomode.net\/informations\/wp-json\/wp\/v2\/comments?post=988"}],"version-history":[{"count":2,"href":"http:\/\/adomode.net\/informations\/wp-json\/wp\/v2\/posts\/988\/revisions"}],"predecessor-version":[{"id":1068,"href":"http:\/\/adomode.net\/informations\/wp-json\/wp\/v2\/posts\/988\/revisions\/1068"}],"wp:attachment":[{"href":"http:\/\/adomode.net\/informations\/wp-json\/wp\/v2\/media?parent=988"}],"wp:term":[{"taxonomy":"category","embeddable":true,"href":"http:\/\/adomode.net\/informations\/wp-json\/wp\/v2\/categories?post=988"},{"taxonomy":"post_tag","embeddable":true,"href":"http:\/\/adomode.net\/informations\/wp-json\/wp\/v2\/tags?post=988"}],"curies":[{"name":"wp","href":"https:\/\/api.w.org\/{rel}","templated":true}]}}