{"id":996,"date":"2012-12-02T03:03:33","date_gmt":"2012-12-02T02:03:33","guid":{"rendered":"http:\/\/adomode.net\/informations\/?p=996"},"modified":"2020-12-03T16:34:19","modified_gmt":"2020-12-03T15:34:19","slug":"interview-de-marine-david-miss-15-17-france-2013","status":"publish","type":"post","link":"http:\/\/adomode.net\/informations\/interview-de-marine-david-miss-15-17-france-2013\/","title":{"rendered":"Interview de Marine David, Miss 15\/17 France 2013."},"content":{"rendered":"\n<font color=\"#F79CD2\"><strong>Interview r\u00e9alis\u00e9e en 2012.<\/strong><\/font>\n\n\n\n&nbsp;<br>\n&nbsp;<br \/>\n&nbsp;<br \/>\n<img loading=\"lazy\" src=\"http:\/\/www.adomode.net\/wp-content\/uploads\/2012\/11\/marinedavid.jpg\" alt=\"\" title=\"marinedavid\" width=\"277\" height=\"400\" class=\"alignleft size-full wp-image-1653\" \/><br \/>\n&nbsp;<br \/>\n&nbsp;<\/p>\n<p><span style=\"font-size:11pt;\">Marine David a gagn\u00e9 la 1\u00e8re \u00e9dition du concours Miss 15\/17 France.<br \/>\n&nbsp;<br \/>\nCe concours est r\u00e9serv\u00e9 aux filles de 15 \u00e0 17 ans.<br \/>\n&nbsp;<br \/>\nMarine David qui souffle ses 16 bougies en ce mois de D\u00e9cembre, r\u00e9side \u00e0 Bergerac dans la r\u00e9gion Aquitaine.<br \/>\nCette jeune fille qui pratique la danse depuis l&rsquo;\u00e2ge de 7 ans, \u00e9tudie en classe de 1\u00e8re STL dans le but de devenir di\u00e9t\u00e9ticienne.<br \/>\n&nbsp;<br \/>\n&nbsp;<br \/>\n&nbsp;<br \/>\n&nbsp;<br \/>\nMarine a gentiment accept\u00e9 cette interview, avec l&rsquo;autorisation de son comit\u00e9.<br \/>\n&nbsp;<br \/>\n&nbsp;<br \/>\n&nbsp;<br \/>\n&nbsp;<br \/>\n<strong>1\u00e8re question : Comment as-tu connu ce concours ?<br \/>\n&nbsp;<br \/>\n<font color=\"#F79CD2\"><b><em>J&rsquo;ai connu ce concours par l&rsquo;interm\u00e9diaire de la pr\u00e9sidente, \u00e0 l&rsquo;occasion d&rsquo;un d\u00e9fil\u00e9 d&rsquo;un jeune cr\u00e9ateur de haute couture.<\/em><\/b><\/font><br \/>\n&nbsp;<br \/>\n&nbsp;<br \/>\n&nbsp;<br \/>\nRaconte-nous maintenant tes 2 jours pass\u00e9s avec le comit\u00e9 :<br \/>\n&nbsp;<br \/>\n<font color=\"#F79CD2\"><b><em>Nous sommes toutes arriv\u00e9es le vendredi 26 octobre \u00e0 17h30 au complexe 201 Forest Avenue, \u00e0 Saint-Hilaire-de-Riez (85), o\u00f9 nous avons \u00e9t\u00e9 tr\u00e8s bien accueillies. L&rsquo;endroit \u00e9tait superbe.<br \/>\n&nbsp;<br \/>\nNous avons rempli un questionnaire, puis ensuite nous sommes sorties pour faire des photos, o\u00f9 nous portions des tenues pr\u00eat\u00e9es par l&rsquo;un des partenaires du comit\u00e9.<br \/>\n&nbsp;<br \/>\nLe soir, nous avons fait du bowling et du laser game, ce qui nous a permis de faire connaissance entre toutes les candidates.<br \/>\n&nbsp;<br \/>\nLe lendemain matin, apr\u00e8s avoir pris notre petit d\u00e9jeuner, nous avons \u00e9t\u00e9 faire des photos sur la plage, au bowling et dans la salle de sport, avec la tenue d&rsquo;un partenaire et la robe que nous a cr\u00e9\u00e9 une cr\u00e9atrice de mode. Cette robe nous a gentiment \u00e9t\u00e9 offerte.<br \/>\n&nbsp;<br \/>\nLes r\u00e9p\u00e9titions ont ensuite commenc\u00e9 dans la bonne humeur !<br \/>\n&nbsp;<br \/>\nEn fin d&rsquo;apr\u00e8s-midi, nous nous sommes faites coiffer et maquiller.<br \/>\n&nbsp;<br \/>\nL&rsquo;\u00e9lection a commenc\u00e9 vers 20h30.<br \/>\nIl y a eu quatre passages : le 1er en robe de soir\u00e9e, le 2\u00e8me en short blanc et d\u00e9bardeur blanc, le 3\u00e8me avec la tenue d&rsquo;un partenaire, la 4\u00e8me avec la robe de la cr\u00e9atrice.<br \/>\nAu cours de la soir\u00e9e, il y a eu \u00e9galement un d\u00e9fil\u00e9 de mode et la pr\u00e9sence d&rsquo;une chanteuse.<br \/>\n&nbsp;<br \/>\nJ&rsquo;ai eu le bonheur de gagner le concours, et la soir\u00e9e s&rsquo;est donc termin\u00e9e par des photos et beaucoup d&rsquo;\u00e9motion.<\/em><\/b><\/font><br \/>\n&nbsp;<br \/>\n&nbsp;<br \/>\n&nbsp;<br \/>\nTe voyais-tu gagner !?<br \/>\n&nbsp;<br \/>\n<font color=\"#F79CD2\"><b><em>Je ne me voyais pas gagner, car tout est all\u00e9 tr\u00e8s vite apr\u00e8s avoir remport\u00e9 le titre de Miss 15\/17 Aquitaine, deux semaines avant l&rsquo;\u00e9lection nationale.<br \/>\n&nbsp;<br \/>\nJe suis all\u00e9e \u00e0 Saint-Hilaire-de-Riez : avant tout pour m&rsquo;amuser, faire des rencontres et pour avoir un aper\u00e7u du monde des Miss.<br \/>\n&nbsp;<br \/>\nGagner : je n&rsquo;y pensais pas vraiment, car obtenir un titre de Miss, cela rel\u00e8ve du r\u00eave pour toutes les jeunes filles.<\/em><\/b><\/font><br \/>\n&nbsp;<br \/>\n&nbsp;<br \/>\n&nbsp;<br \/>\nGr\u00e2ce \u00e0 cette \u00e9charpe, qu&rsquo;as-tu de pr\u00e9vu ?<br \/>\n&nbsp;<br \/>\n<font color=\"#F79CD2\"><b><em>Gr\u00e2ce \u00e0 celle-ci, je vais avoir l&rsquo;occasion de participer \u00e0 des galas, des manifestations.<br \/>\nJe vais \u00e9galement pouvoir faire des shooting et \u00eatre pr\u00e9sente sur les \u00e9lections r\u00e9gionales de Miss 15\/17 2013. J&rsquo;ai un premier gala pr\u00e9vu en Mars 2013 pour l&rsquo;\u00e9lection de Miss 15\/17 Pays de Loire. J&rsquo;\u00e9tudierais les propositions que l&rsquo;on pourra me faire.<br \/>\n&nbsp;<br \/>\nDe plus, en dehors du comit\u00e9 Miss 15\/17 France, j&rsquo;ai d\u00e9j\u00e0 des manifestations de pr\u00e9vues.<\/em><\/b><\/font><br \/>\n&nbsp;<br \/>\n&nbsp;<br \/>\n&nbsp;<br \/>\nAs-tu l&rsquo;ambition d&rsquo;\u00eatre dans ce milieu durant plusieurs ann\u00e9es ? Et si oui, quelles \u00e9lections aimerais-tu faire ?<br \/>\n&nbsp;<br \/>\n<font color=\"#F79CD2\"><b><em>Il est trop t\u00f4t pour y r\u00e9pondre. J&rsquo;attends de voir comment va se d\u00e9rouler cette ann\u00e9e pour envisager la suite. Mais pourquoi pas continuer dans cette voie l\u00e0 !<\/em><\/b><\/font><br \/>\n&nbsp;<br \/>\n&nbsp;<br \/>\n&nbsp;<br \/>\nMerci pour cette interview.<br \/>\n&nbsp;<br \/>\n&nbsp;<br \/>\n&nbsp;<br \/>\n<em>Propos recueillis par Kristof&#8217;.<\/em><\/span><\/strong><br \/>\n&nbsp;<br \/>\n&nbsp;<br \/>\n ","protected":false},"excerpt":{"rendered":"<p>Interview r\u00e9alis\u00e9e en 2012. &nbsp; &nbsp; &nbsp; &nbsp; &nbsp; Marine David a gagn\u00e9 la 1\u00e8re \u00e9dition du concours Miss 15\/17 France. &nbsp; Ce concours est r\u00e9serv\u00e9 aux filles de 15 \u00e0 17 ans. &nbsp; Marine David qui souffle ses 16 bougies en ce mois de D\u00e9cembre, r\u00e9side \u00e0 Bergerac dans la r\u00e9gion Aquitaine. Cette jeune &hellip; <\/p>\n","protected":false},"author":1,"featured_media":0,"comment_status":"closed","ping_status":"closed","sticky":false,"template":"","format":"standard","meta":[],"categories":[5],"tags":[],"_links":{"self":[{"href":"http:\/\/adomode.net\/informations\/wp-json\/wp\/v2\/posts\/996"}],"collection":[{"href":"http:\/\/adomode.net\/informations\/wp-json\/wp\/v2\/posts"}],"about":[{"href":"http:\/\/adomode.net\/informations\/wp-json\/wp\/v2\/types\/post"}],"author":[{"embeddable":true,"href":"http:\/\/adomode.net\/informations\/wp-json\/wp\/v2\/users\/1"}],"replies":[{"embeddable":true,"href":"http:\/\/adomode.net\/informations\/wp-json\/wp\/v2\/comments?post=996"}],"version-history":[{"count":10,"href":"http:\/\/adomode.net\/informations\/wp-json\/wp\/v2\/posts\/996\/revisions"}],"predecessor-version":[{"id":1047,"href":"http:\/\/adomode.net\/informations\/wp-json\/wp\/v2\/posts\/996\/revisions\/1047"}],"wp:attachment":[{"href":"http:\/\/adomode.net\/informations\/wp-json\/wp\/v2\/media?parent=996"}],"wp:term":[{"taxonomy":"category","embeddable":true,"href":"http:\/\/adomode.net\/informations\/wp-json\/wp\/v2\/categories?post=996"},{"taxonomy":"post_tag","embeddable":true,"href":"http:\/\/adomode.net\/informations\/wp-json\/wp\/v2\/tags?post=996"}],"curies":[{"name":"wp","href":"https:\/\/api.w.org\/{rel}","templated":true}]}}