{"id":998,"date":"2012-09-19T03:05:36","date_gmt":"2012-09-19T01:05:36","guid":{"rendered":"http:\/\/adomode.net\/informations\/?p=998"},"modified":"2020-12-03T16:21:50","modified_gmt":"2020-12-03T15:21:50","slug":"interview-de-farah-mademoiselle-camargue-cevennes-2012","status":"publish","type":"post","link":"http:\/\/adomode.net\/informations\/interview-de-farah-mademoiselle-camargue-cevennes-2012\/","title":{"rendered":"Interview de Farah, Mademoiselle Camargue-C\u00e9vennes 2012."},"content":{"rendered":"\n<font color=\"#F79CD2\"><strong>Interview r\u00e9alis\u00e9e en 2012.<\/strong><\/font>\n&nbsp;<br>\n&nbsp;<br \/>\n<p>&nbsp;<br \/>\n&nbsp;<br \/>\n&nbsp;<br \/>\n<img loading=\"lazy\" src=\"http:\/\/www.adomode.net\/wp-content\/uploads\/2012\/09\/farah03adomode.jpg\" alt=\"\" title=\"farah03adomode\" width=\"406\" height=\"277\" class=\"aligncenter size-full wp-image-364\" \/><br \/>\n&nbsp;<br \/>\n&nbsp;<br \/>\n<strong>Pr\u00e9sente-toi :<\/strong><br \/>\n&nbsp;<br \/>\n&nbsp;<br \/>\n<font color=\"#F79CD2\"><span style=\"font-size:11pt;\"><b><em>Je m&rsquo;appelle Farah Mehannaoui.<br \/>\nJ&rsquo;ai 16 ans et je suis n\u00e9e le 5 F\u00e9vrier 1996.<br \/>\nJ&rsquo;habite dans l&rsquo;H\u00e9rault \u00e0 Montpellier.<br \/>\nJe mesure 1m74.<\/em><\/b><\/span><\/font><br \/>\n&nbsp;<br \/>\n&nbsp;<br \/>\n<img loading=\"lazy\" src=\"http:\/\/www.adomode.net\/wp-content\/uploads\/2012\/09\/farah01adomode.jpg\" alt=\"\" title=\"farah01adomode\" width=\"450\" height=\"309\" class=\"aligncenter size-full wp-image-358\" \/><br \/>\n&nbsp;<br \/>\n&nbsp;<br \/>\n&nbsp;<br \/>\n<strong>Raconte-nous comment tout a commenc\u00e9 pour toi, ainsi que ton parcours :<\/strong><br \/>\n&nbsp;<br \/>\n&nbsp;<br \/>\n<font color=\"#F79CD2\"><span style=\"font-size:11pt;\"><b><em>Tout a commenc\u00e9 quand j&rsquo;\u00e9tais dans un camping situ\u00e9 \u00e0 Villeneuve-l\u00e8s-Maguelone, proche de Montpellier, et que j&rsquo;ai vue des affiches pour l&rsquo;\u00e9lection de Mademoiselle H\u00e9rault 2011. Cela m&rsquo;int\u00e9ressait mais j&rsquo;\u00e9tais trop timide pour oser une telle chose.<br \/>\nQuelques jours plus tard, alors que je prenais le bus, une dame me dit que vu ma grande taille, je devrais faire des \u00e9lections de Miss. Elle m&rsquo;a motiv\u00e9e par son discours, alors en rentrant chez moi, j&rsquo;ai d\u00e9cid\u00e9 de m&rsquo;inscrire \u00e0 l&rsquo;\u00e9lection de Mademoiselle qui est accessible aux filles de 15 \u00e0 17 ans.<br \/>\n&nbsp;<br \/>\nLorsque je me suis lanc\u00e9e, je n&rsquo;attendais rien de sp\u00e9cial. Ma motivation \u00e9tait surtout pour d\u00e9couvrir de nouvelles choses, un nouveau monde ; et j&rsquo;avais vraiment tr\u00e8s peur, n&rsquo;ayant pas trop confiance en moi.<br \/>\n&nbsp;<br \/>\nLe 24 Septembre 2011, j&rsquo;ai donc particip\u00e9 \u00e0 l&rsquo;\u00e9lection de Mademoiselle H\u00e9rault 2011, o\u00f9 j&rsquo;ai \u00e9t\u00e9 \u00e9lue 1\u00e8re Demoiselle, ce qui m&rsquo;a permis d&rsquo;\u00eatre qualifi\u00e9e pour l&rsquo;\u00e9lection Mademoiselle Camargue-C\u00e9vennes 2012, \u00e0 St-Hilaire-de-Brethmas (30-Gard).<br \/>\n&nbsp;<br \/>\nLe 7 Janvier 2012, en fin de soir\u00e9e, me voil\u00e0 \u00e9lue Mademoiselle Camargue-C\u00e9vennes 2012 et donc qualifi\u00e9e pour la finale nationale de Mademoiselle France 2012.<br \/>\n&nbsp;<br \/>\nLors de ma participation \u00e0 Mademoiselle France, le 31 Mars 2012, dans les Ardennes (08), je n&rsquo;ai malheureusement rien gagn\u00e9e, mais se fut une exp\u00e9rience tr\u00e8s enrichissante.<br \/>\n&nbsp;<br \/>\nDepuis le 1er concours, j&rsquo;ai pu participer \u00e0 de nombreuses manifestations, telles que des d\u00e9fil\u00e9s de mode et des s\u00e9ances photos. J&rsquo;ai aussi \u00e9tais pr\u00e9sente en tant qu&rsquo;h\u00f4tesse ou vedette \u00e0 de nombreuses \u00e9lections de Mademoiselle.<\/em><\/b><\/span><\/font><br \/>\n&nbsp;<br \/>\n&nbsp;<br \/>\n&nbsp;<br \/>\n<img loading=\"lazy\" src=\"http:\/\/www.adomode.net\/wp-content\/uploads\/2012\/09\/farah02adomode.jpg\" alt=\"\" title=\"farah02adomode\" width=\"450\" height=\"306\" class=\"aligncenter size-full wp-image-361\" \/><br \/>\n&nbsp;<br \/>\n&nbsp;<br \/>\n<strong>Parle-nous de tes projets, de tes ambitions :<\/strong><br \/>\n&nbsp;<br \/>\n&nbsp;<br \/>\n<font color=\"#F79CD2\"><span style=\"font-size:11pt;\"><b><em>Pour l&rsquo;instant, dans un proche avenir, je ne pr\u00e9vois pas grand chose dans le milieu de la photographie et le mannequinat. A vrai dire, je verais bien au jour le jour.<br \/>\n&nbsp;<br \/>\nMon seul projet et je dirais m\u00eame mon &laquo;&nbsp;r\u00eave&nbsp;&raquo;, est de pouvoir participer \u00e0 l&rsquo;\u00e9lection Miss France.<br \/>\n&nbsp;<br \/>\nD\u00e8s que j&rsquo;aurais l&rsquo;\u00e2ge requis, je souhaiterais alors m&rsquo;inscrire \u00e0 l&rsquo;\u00e9lection Miss Languedoc pour Miss France.<\/em><\/b><\/span><\/font><br \/>\n&nbsp;<br \/>\n&nbsp;<br \/>\n&nbsp;<br \/>\n&nbsp;<br \/>\n<strong>Quels conseils donnerais-tu \u00e0 une ado qui souhaite faire comme toi !?<\/strong><br \/>\n&nbsp;<br \/>\n&nbsp;<br \/>\n<font color=\"#F79CD2\"><span style=\"font-size:11pt;\"><b><em>Je dirais qu&rsquo;il faut toujours garder confiance en soi quoi qu&rsquo;il arrive, et tout faire pour atteindre son but sans se soucier du regard des autres, qu&rsquo;il faut simplement penser \u00e0 son propre bonheur, ne jamais abandonner ses r\u00eaves quoi qu&rsquo;il advienne.<br \/>\n&nbsp;<br \/>\nMon exp\u00e9rience m&rsquo;a appris \u00e0 garder confiance en moi, m&rsquo;a fait d\u00e9couvrir un milieu totalement diff\u00e9rent du mien, et m&rsquo;a permis de rencontrer beaucoup de monde et m\u00eame de tisser des liens d&rsquo;amiti\u00e9.<br \/>\n&nbsp;<br \/>\nJe souhaite \u00e9galement dire que les Mademoiselles, ce n&rsquo;est pas seulement des concours, mais aussi une grande famille.<\/em><\/b><\/span><\/font><br \/>\n&nbsp;<br \/>\n&nbsp;<br \/>\n&nbsp;<br \/>\n&nbsp;<br \/>\n<strong>Merci pour cette interview.<\/strong><br \/>\n&nbsp;<br \/>\n&nbsp;<br \/>\n<strong><em>Interview et photos r\u00e9alis\u00e9es par Kristof&#8217;.<\/em><\/strong><br \/>\n&nbsp;<br \/>\n&nbsp;<br \/>\n ","protected":false},"excerpt":{"rendered":"<p>Interview r\u00e9alis\u00e9e en 2012. &nbsp; &nbsp; &nbsp; &nbsp; &nbsp; &nbsp; &nbsp; Pr\u00e9sente-toi : &nbsp; &nbsp; Je m&rsquo;appelle Farah Mehannaoui. J&rsquo;ai 16 ans et je suis n\u00e9e le 5 F\u00e9vrier 1996. J&rsquo;habite dans l&rsquo;H\u00e9rault \u00e0 Montpellier. Je mesure 1m74. &nbsp; &nbsp; &nbsp; &nbsp; &nbsp; Raconte-nous comment tout a commenc\u00e9 pour toi, ainsi que ton parcours : &hellip; <\/p>\n","protected":false},"author":1,"featured_media":0,"comment_status":"closed","ping_status":"closed","sticky":false,"template":"","format":"standard","meta":[],"categories":[5],"tags":[],"_links":{"self":[{"href":"http:\/\/adomode.net\/informations\/wp-json\/wp\/v2\/posts\/998"}],"collection":[{"href":"http:\/\/adomode.net\/informations\/wp-json\/wp\/v2\/posts"}],"about":[{"href":"http:\/\/adomode.net\/informations\/wp-json\/wp\/v2\/types\/post"}],"author":[{"embeddable":true,"href":"http:\/\/adomode.net\/informations\/wp-json\/wp\/v2\/users\/1"}],"replies":[{"embeddable":true,"href":"http:\/\/adomode.net\/informations\/wp-json\/wp\/v2\/comments?post=998"}],"version-history":[{"count":2,"href":"http:\/\/adomode.net\/informations\/wp-json\/wp\/v2\/posts\/998\/revisions"}],"predecessor-version":[{"id":1044,"href":"http:\/\/adomode.net\/informations\/wp-json\/wp\/v2\/posts\/998\/revisions\/1044"}],"wp:attachment":[{"href":"http:\/\/adomode.net\/informations\/wp-json\/wp\/v2\/media?parent=998"}],"wp:term":[{"taxonomy":"category","embeddable":true,"href":"http:\/\/adomode.net\/informations\/wp-json\/wp\/v2\/categories?post=998"},{"taxonomy":"post_tag","embeddable":true,"href":"http:\/\/adomode.net\/informations\/wp-json\/wp\/v2\/tags?post=998"}],"curies":[{"name":"wp","href":"https:\/\/api.w.org\/{rel}","templated":true}]}}